[{"@context":"https:\/\/schema.org\/","@type":"Article","@id":"https:\/\/www.voshk.cz\/mladi-je-mladi\/#Article","mainEntityOfPage":"https:\/\/www.voshk.cz\/mladi-je-mladi\/","headline":"Ml\u00e1d\u00ed je ml\u00e1d\u00ed","name":"Ml\u00e1d\u00ed je ml\u00e1d\u00ed","description":"Je\u0161t\u011b dob\u0159e, \u017ee m\u00e1m p\u0159ed sebou skoro cel\u00fd \u017eivot. Ned\u00e1vno jsem toti\u017e ukon\u010dila studium na st\u0159edn\u00ed \u0161kole a za\u010d\u00edn\u00e1m hledat pr\u00e1ci. Snad budu m\u00edt \u0161t\u011bst\u00ed. Cht\u011bla bych vyu\u017e\u00edt nabyt\u00fdch znalost\u00ed. Rozhodn\u011b bych necht\u011bla skon\u010dit jako pomocn\u00e1 s\u00edla u p\u00e1su. Na to jsem p\u0159ece nemusela chodit do \u0161koly. Jen\u017ee je t\u011b\u017ek\u00e1 doba. Budu muset vz\u00edt jakoukoliv...","datePublished":"2024-11-09","dateModified":"2024-11-09","author":{"@type":"Person","@id":"https:\/\/www.voshk.cz\/author\/#Person","name":"","url":"https:\/\/www.voshk.cz\/author\/","identifier":1,"image":{"@type":"ImageObject","@id":"https:\/\/secure.gravatar.com\/avatar\/a1f3afbcba6a2c855138f9932fa7e5ab7d93bdcdef3da88e8b7e3a89881e43e8?s=96&d=mm&r=g","url":"https:\/\/secure.gravatar.com\/avatar\/a1f3afbcba6a2c855138f9932fa7e5ab7d93bdcdef3da88e8b7e3a89881e43e8?s=96&d=mm&r=g","height":96,"width":96}},"publisher":{"@type":"Organization","name":"voshk.cz","logo":{"@type":"ImageObject","@id":"\/logo.png","url":"\/logo.png","width":600,"height":60}},"url":"https:\/\/www.voshk.cz\/mladi-je-mladi\/","wordCount":177,"articleBody":"Je\u0161t\u011b dob\u0159e, \u017ee m\u00e1m p\u0159ed sebou skoro cel\u00fd \u017eivot. Ned\u00e1vno jsem toti\u017e ukon\u010dila studium na st\u0159edn\u00ed \u0161kole a za\u010d\u00edn\u00e1m hledat pr\u00e1ci. Snad budu m\u00edt \u0161t\u011bst\u00ed. Cht\u011bla bych vyu\u017e\u00edt nabyt\u00fdch znalost\u00ed. Rozhodn\u011b bych necht\u011bla skon\u010dit jako pomocn\u00e1 s\u00edla u p\u00e1su. Na to jsem p\u0159ece nemusela chodit do \u0161koly. Jen\u017ee je t\u011b\u017ek\u00e1 doba. Budu muset vz\u00edt jakoukoliv pr\u00e1ci. Hlavn\u011b nenalet\u011bt, jak m\u00e1 zn\u00e1ma.Probl\u00e9mZn\u00e1ma byla zam\u011bstn\u00e1na dlouh\u00e1 l\u00e9ta u soukrom\u00e9 firmy. V\u00fdplatu poka\u017ed\u00e9 obdr\u017eela v po\u0159\u00e1dku ve v\u00fdplatn\u00edm term\u00ednu. Nemohla si st\u011b\u017eovat. Nemocn\u00e1 nebyla, tud\u00ed\u017e o vznikaj\u00edc\u00edm probl\u00e9mu nev\u011bd\u011bla. A\u017e kdy\u017e si cht\u011bla po\u017e\u00e1dat o p\u0159ed\u010dasn\u00fd d\u016fchod.  S hr\u016fzou zjistila, \u017ee v\u016fbec nebyla evidov\u00e1na na soci\u00e1ln\u00ed zpr\u00e1v\u011b. Zam\u011bstnavatel za ni toti\u017e v\u016fbec neodv\u00e1d\u011bl soci\u00e1ln\u00ed poji\u0161t\u011bn\u00ed.                                                                                                                                                                                                                                                                                                                                                                                        3.5\/5 - (4 votes)        "},{"@context":"https:\/\/schema.org\/","@type":"BreadcrumbList","itemListElement":[{"@type":"ListItem","position":1,"name":"Ml\u00e1d\u00ed je ml\u00e1d\u00ed","item":"https:\/\/www.voshk.cz\/mladi-je-mladi\/#breadcrumbitem"}]}]